{"id":155,"date":"2026-02-04T09:16:01","date_gmt":"2026-02-04T08:16:01","guid":{"rendered":"https:\/\/stella-ndrc25.se-formation.fr\/?p=155"},"modified":"2026-02-04T09:32:03","modified_gmt":"2026-02-04T08:32:03","slug":"evenement-fete-des-meres","status":"publish","type":"post","link":"https:\/\/stella-ndrc25.se-formation.fr\/index.php\/2026\/02\/04\/evenement-fete-des-meres\/","title":{"rendered":"Ev\u00e8nement fete des m\u00e8res"},"content":{"rendered":"\n<p class=\"has-medium-font-size\">Venez profiter de la fete des m\u00e8re avec ALTITUDE-GRIMP !<\/p>\n\n\n\n<p class=\"has-vivid-green-cyan-color has-text-color has-link-color wp-elements-d7e93eb4190c3023399998dd1ba6d122\"><strong>Le dimanche 26 mai 2026<\/strong> <\/p>\n\n\n\n<p>Une journ\u00e9e porte ouverte est pr\u00e9vue \u00e0 cette occasion et \u00e0 cette date, un jeu concours permettra de gagner des abonnements gratuits d&#8217;un mois.<\/p>\n\n\n\n<p>Notre \u00e9quipe de passionn\u00e9s sont \u00e0 votre service pour vous faire profiter en toute s\u00e9curit\u00e9 de nos nombreux murs d\u2019escalade aux niveaux de difficult\u00e9 plus ou moins \u00e9lev\u00e9s. Novice ou expert tout est mis en oeuvre pour vous satisfaire.<\/p>\n\n\n\n<p>Ne ratez pas cette occasion !<\/p>\n\n\n\n<div class=\"wp-block-uagb-image uagb-block-d2c3b681 wp-block-uagb-image--layout-default wp-block-uagb-image--effect-static wp-block-uagb-image--align-none\"><figure class=\"wp-block-uagb-image__figure\"><img decoding=\"async\"  sizes=\"auto, (max-width: 480px) 150px\" src=\"https:\/\/stella-ndrc25.se-formation.fr\/wp-content\/uploads\/2026\/02\/yoga.jpg\" alt=\"\" width=\"331\" height=\"183\" title=\"\" loading=\"lazy\" role=\"img\"\/><\/figure><\/div>\n\n\n\n<figure class=\"wp-block-image size-full\"><img loading=\"lazy\" decoding=\"async\" width=\"720\" height=\"340\" src=\"https:\/\/stella-ndrc25.se-formation.fr\/wp-content\/uploads\/2026\/02\/meilleurs-chaussons-escalade-img.jpg\" alt=\"\" class=\"wp-image-143\" srcset=\"https:\/\/stella-ndrc25.se-formation.fr\/wp-content\/uploads\/2026\/02\/meilleurs-chaussons-escalade-img.jpg 720w, https:\/\/stella-ndrc25.se-formation.fr\/wp-content\/uploads\/2026\/02\/meilleurs-chaussons-escalade-img-300x142.jpg 300w, https:\/\/stella-ndrc25.se-formation.fr\/wp-content\/uploads\/2026\/02\/meilleurs-chaussons-escalade-img-600x283.jpg 600w\" sizes=\"auto, (max-width: 720px) 100vw, 720px\" \/><\/figure>\n\n\n\n<p><\/p>\n\n\n\n<p><\/p>\n","protected":false},"excerpt":{"rendered":"<p>Venez profiter de la fete des m\u00e8re avec ALTITUDE-GRIMP ! Le dimanche 26 mai 2026 Une journ\u00e9e porte ouverte est [&hellip;]<\/p>\n","protected":false},"author":1,"featured_media":0,"comment_status":"open","ping_status":"open","sticky":false,"template":"","format":"standard","meta":{"_uag_custom_page_level_css":"","site-sidebar-layout":"default","site-content-layout":"","ast-site-content-layout":"default","site-content-style":"default","site-sidebar-style":"default","ast-global-header-display":"","ast-banner-title-visibility":"","ast-main-header-display":"","ast-hfb-above-header-display":"","ast-hfb-below-header-display":"","ast-hfb-mobile-header-display":"","site-post-title":"","ast-breadcrumbs-content":"","ast-featured-img":"","footer-sml-layout":"","theme-transparent-header-meta":"","adv-header-id-meta":"","stick-header-meta":"","header-above-stick-meta":"","header-main-stick-meta":"","header-below-stick-meta":"","astra-migrate-meta-layouts":"default","ast-page-background-enabled":"default","ast-page-background-meta":{"desktop":{"background-color":"var(--ast-global-color-5)","background-image":"","background-repeat":"repeat","background-position":"center center","background-size":"auto","background-attachment":"scroll","background-type":"","background-media":"","overlay-type":"","overlay-color":"","overlay-opacity":"","overlay-gradient":""},"tablet":{"background-color":"","background-image":"","background-repeat":"repeat","background-position":"center center","background-size":"auto","background-attachment":"scroll","background-type":"","background-media":"","overlay-type":"","overlay-color":"","overlay-opacity":"","overlay-gradient":""},"mobile":{"background-color":"","background-image":"","background-repeat":"repeat","background-position":"center center","background-size":"auto","background-attachment":"scroll","background-type":"","background-media":"","overlay-type":"","overlay-color":"","overlay-opacity":"","overlay-gradient":""}},"ast-content-background-meta":{"desktop":{"background-color":"var(--ast-global-color-4)","background-image":"","background-repeat":"repeat","background-position":"center center","background-size":"auto","background-attachment":"scroll","background-type":"","background-media":"","overlay-type":"","overlay-color":"","overlay-opacity":"","overlay-gradient":""},"tablet":{"background-color":"var(--ast-global-color-4)","background-image":"","background-repeat":"repeat","background-position":"center center","background-size":"auto","background-attachment":"scroll","background-type":"","background-media":"","overlay-type":"","overlay-color":"","overlay-opacity":"","overlay-gradient":""},"mobile":{"background-color":"var(--ast-global-color-4)","background-image":"","background-repeat":"repeat","background-position":"center center","background-size":"auto","background-attachment":"scroll","background-type":"","background-media":"","overlay-type":"","overlay-color":"","overlay-opacity":"","overlay-gradient":""}},"footnotes":""},"categories":[22],"tags":[],"class_list":["post-155","post","type-post","status-publish","format-standard","hentry","category-altitude-grimp"],"yoast_head":"<!-- This site is optimized with the Yoast SEO plugin v26.4 - https:\/\/yoast.com\/wordpress\/plugins\/seo\/ -->\n<title>Ev\u00e8nement fete des m\u00e8res - Stella Ndrc25 Se Formation<\/title>\n<meta name=\"robots\" content=\"index, follow, max-snippet:-1, max-image-preview:large, max-video-preview:-1\" \/>\n<link rel=\"canonical\" href=\"https:\/\/stella-ndrc25.se-formation.fr\/index.php\/2026\/02\/04\/evenement-fete-des-meres\/\" \/>\n<meta property=\"og:locale\" content=\"en_US\" \/>\n<meta property=\"og:type\" content=\"article\" \/>\n<meta property=\"og:title\" content=\"Ev\u00e8nement fete des m\u00e8res - Stella Ndrc25 Se Formation\" \/>\n<meta property=\"og:description\" content=\"Venez profiter de la fete des m\u00e8re avec ALTITUDE-GRIMP ! Le dimanche 26 mai 2026 Une journ\u00e9e porte ouverte est [&hellip;]\" \/>\n<meta property=\"og:url\" content=\"https:\/\/stella-ndrc25.se-formation.fr\/index.php\/2026\/02\/04\/evenement-fete-des-meres\/\" \/>\n<meta property=\"og:site_name\" content=\"Stella Ndrc25 Se Formation\" \/>\n<meta property=\"article:published_time\" content=\"2026-02-04T08:16:01+00:00\" \/>\n<meta property=\"article:modified_time\" content=\"2026-02-04T08:32:03+00:00\" \/>\n<meta property=\"og:image\" content=\"https:\/\/stella-ndrc25.se-formation.fr\/wp-content\/uploads\/2026\/02\/yoga.jpg\" \/>\n<meta name=\"author\" content=\"stella\" \/>\n<meta name=\"twitter:card\" content=\"summary_large_image\" \/>\n<meta name=\"twitter:label1\" content=\"Written by\" \/>\n\t<meta name=\"twitter:data1\" content=\"stella\" \/>\n\t<meta name=\"twitter:label2\" content=\"Est. reading time\" \/>\n\t<meta name=\"twitter:data2\" content=\"1 minute\" \/>\n<script type=\"application\/ld+json\" class=\"yoast-schema-graph\">{\"@context\":\"https:\/\/schema.org\",\"@graph\":[{\"@type\":\"WebPage\",\"@id\":\"https:\/\/stella-ndrc25.se-formation.fr\/index.php\/2026\/02\/04\/evenement-fete-des-meres\/\",\"url\":\"https:\/\/stella-ndrc25.se-formation.fr\/index.php\/2026\/02\/04\/evenement-fete-des-meres\/\",\"name\":\"Ev\u00e8nement fete des m\u00e8res - Stella Ndrc25 Se Formation\",\"isPartOf\":{\"@id\":\"https:\/\/stella-ndrc25.se-formation.fr\/#website\"},\"primaryImageOfPage\":{\"@id\":\"https:\/\/stella-ndrc25.se-formation.fr\/index.php\/2026\/02\/04\/evenement-fete-des-meres\/#primaryimage\"},\"image\":{\"@id\":\"https:\/\/stella-ndrc25.se-formation.fr\/index.php\/2026\/02\/04\/evenement-fete-des-meres\/#primaryimage\"},\"thumbnailUrl\":\"https:\/\/stella-ndrc25.se-formation.fr\/wp-content\/uploads\/2026\/02\/yoga.jpg\",\"datePublished\":\"2026-02-04T08:16:01+00:00\",\"dateModified\":\"2026-02-04T08:32:03+00:00\",\"author\":{\"@id\":\"https:\/\/stella-ndrc25.se-formation.fr\/#\/schema\/person\/c7a0648646103b0810b3baadfe5ec318\"},\"breadcrumb\":{\"@id\":\"https:\/\/stella-ndrc25.se-formation.fr\/index.php\/2026\/02\/04\/evenement-fete-des-meres\/#breadcrumb\"},\"inLanguage\":\"en-US\",\"potentialAction\":[{\"@type\":\"ReadAction\",\"target\":[\"https:\/\/stella-ndrc25.se-formation.fr\/index.php\/2026\/02\/04\/evenement-fete-des-meres\/\"]}]},{\"@type\":\"ImageObject\",\"inLanguage\":\"en-US\",\"@id\":\"https:\/\/stella-ndrc25.se-formation.fr\/index.php\/2026\/02\/04\/evenement-fete-des-meres\/#primaryimage\",\"url\":\"https:\/\/stella-ndrc25.se-formation.fr\/wp-content\/uploads\/2026\/02\/yoga.jpg\",\"contentUrl\":\"https:\/\/stella-ndrc25.se-formation.fr\/wp-content\/uploads\/2026\/02\/yoga.jpg\",\"width\":275,\"height\":183},{\"@type\":\"BreadcrumbList\",\"@id\":\"https:\/\/stella-ndrc25.se-formation.fr\/index.php\/2026\/02\/04\/evenement-fete-des-meres\/#breadcrumb\",\"itemListElement\":[{\"@type\":\"ListItem\",\"position\":1,\"name\":\"Accueil\",\"item\":\"https:\/\/stella-ndrc25.se-formation.fr\/\"},{\"@type\":\"ListItem\",\"position\":2,\"name\":\"Ev\u00e8nement fete des m\u00e8res\"}]},{\"@type\":\"WebSite\",\"@id\":\"https:\/\/stella-ndrc25.se-formation.fr\/#website\",\"url\":\"https:\/\/stella-ndrc25.se-formation.fr\/\",\"name\":\"Stella Ndrc25 Se Formation\",\"description\":\"\",\"potentialAction\":[{\"@type\":\"SearchAction\",\"target\":{\"@type\":\"EntryPoint\",\"urlTemplate\":\"https:\/\/stella-ndrc25.se-formation.fr\/?s={search_term_string}\"},\"query-input\":{\"@type\":\"PropertyValueSpecification\",\"valueRequired\":true,\"valueName\":\"search_term_string\"}}],\"inLanguage\":\"en-US\"},{\"@type\":\"Person\",\"@id\":\"https:\/\/stella-ndrc25.se-formation.fr\/#\/schema\/person\/c7a0648646103b0810b3baadfe5ec318\",\"name\":\"stella\",\"image\":{\"@type\":\"ImageObject\",\"inLanguage\":\"en-US\",\"@id\":\"https:\/\/stella-ndrc25.se-formation.fr\/#\/schema\/person\/image\/\",\"url\":\"https:\/\/secure.gravatar.com\/avatar\/7b7d769002862bc5c18ce7c0f30a4d1bfd31f85f96a75911fbbf96a1bd0e5ebc?s=96&d=mm&r=g\",\"contentUrl\":\"https:\/\/secure.gravatar.com\/avatar\/7b7d769002862bc5c18ce7c0f30a4d1bfd31f85f96a75911fbbf96a1bd0e5ebc?s=96&d=mm&r=g\",\"caption\":\"stella\"},\"sameAs\":[\"https:\/\/stella-ndrc25.se-formation.fr\"],\"url\":\"https:\/\/stella-ndrc25.se-formation.fr\/index.php\/author\/stella\/\"}]}<\/script>\n<!-- \/ Yoast SEO plugin. -->","yoast_head_json":{"title":"Ev\u00e8nement fete des m\u00e8res - Stella Ndrc25 Se Formation","robots":{"index":"index","follow":"follow","max-snippet":"max-snippet:-1","max-image-preview":"max-image-preview:large","max-video-preview":"max-video-preview:-1"},"canonical":"https:\/\/stella-ndrc25.se-formation.fr\/index.php\/2026\/02\/04\/evenement-fete-des-meres\/","og_locale":"en_US","og_type":"article","og_title":"Ev\u00e8nement fete des m\u00e8res - Stella Ndrc25 Se Formation","og_description":"Venez profiter de la fete des m\u00e8re avec ALTITUDE-GRIMP ! Le dimanche 26 mai 2026 Une journ\u00e9e porte ouverte est [&hellip;]","og_url":"https:\/\/stella-ndrc25.se-formation.fr\/index.php\/2026\/02\/04\/evenement-fete-des-meres\/","og_site_name":"Stella Ndrc25 Se Formation","article_published_time":"2026-02-04T08:16:01+00:00","article_modified_time":"2026-02-04T08:32:03+00:00","og_image":[{"url":"https:\/\/stella-ndrc25.se-formation.fr\/wp-content\/uploads\/2026\/02\/yoga.jpg","type":"","width":"","height":""}],"author":"stella","twitter_card":"summary_large_image","twitter_misc":{"Written by":"stella","Est. reading time":"1 minute"},"schema":{"@context":"https:\/\/schema.org","@graph":[{"@type":"WebPage","@id":"https:\/\/stella-ndrc25.se-formation.fr\/index.php\/2026\/02\/04\/evenement-fete-des-meres\/","url":"https:\/\/stella-ndrc25.se-formation.fr\/index.php\/2026\/02\/04\/evenement-fete-des-meres\/","name":"Ev\u00e8nement fete des m\u00e8res - Stella Ndrc25 Se Formation","isPartOf":{"@id":"https:\/\/stella-ndrc25.se-formation.fr\/#website"},"primaryImageOfPage":{"@id":"https:\/\/stella-ndrc25.se-formation.fr\/index.php\/2026\/02\/04\/evenement-fete-des-meres\/#primaryimage"},"image":{"@id":"https:\/\/stella-ndrc25.se-formation.fr\/index.php\/2026\/02\/04\/evenement-fete-des-meres\/#primaryimage"},"thumbnailUrl":"https:\/\/stella-ndrc25.se-formation.fr\/wp-content\/uploads\/2026\/02\/yoga.jpg","datePublished":"2026-02-04T08:16:01+00:00","dateModified":"2026-02-04T08:32:03+00:00","author":{"@id":"https:\/\/stella-ndrc25.se-formation.fr\/#\/schema\/person\/c7a0648646103b0810b3baadfe5ec318"},"breadcrumb":{"@id":"https:\/\/stella-ndrc25.se-formation.fr\/index.php\/2026\/02\/04\/evenement-fete-des-meres\/#breadcrumb"},"inLanguage":"en-US","potentialAction":[{"@type":"ReadAction","target":["https:\/\/stella-ndrc25.se-formation.fr\/index.php\/2026\/02\/04\/evenement-fete-des-meres\/"]}]},{"@type":"ImageObject","inLanguage":"en-US","@id":"https:\/\/stella-ndrc25.se-formation.fr\/index.php\/2026\/02\/04\/evenement-fete-des-meres\/#primaryimage","url":"https:\/\/stella-ndrc25.se-formation.fr\/wp-content\/uploads\/2026\/02\/yoga.jpg","contentUrl":"https:\/\/stella-ndrc25.se-formation.fr\/wp-content\/uploads\/2026\/02\/yoga.jpg","width":275,"height":183},{"@type":"BreadcrumbList","@id":"https:\/\/stella-ndrc25.se-formation.fr\/index.php\/2026\/02\/04\/evenement-fete-des-meres\/#breadcrumb","itemListElement":[{"@type":"ListItem","position":1,"name":"Accueil","item":"https:\/\/stella-ndrc25.se-formation.fr\/"},{"@type":"ListItem","position":2,"name":"Ev\u00e8nement fete des m\u00e8res"}]},{"@type":"WebSite","@id":"https:\/\/stella-ndrc25.se-formation.fr\/#website","url":"https:\/\/stella-ndrc25.se-formation.fr\/","name":"Stella Ndrc25 Se Formation","description":"","potentialAction":[{"@type":"SearchAction","target":{"@type":"EntryPoint","urlTemplate":"https:\/\/stella-ndrc25.se-formation.fr\/?s={search_term_string}"},"query-input":{"@type":"PropertyValueSpecification","valueRequired":true,"valueName":"search_term_string"}}],"inLanguage":"en-US"},{"@type":"Person","@id":"https:\/\/stella-ndrc25.se-formation.fr\/#\/schema\/person\/c7a0648646103b0810b3baadfe5ec318","name":"stella","image":{"@type":"ImageObject","inLanguage":"en-US","@id":"https:\/\/stella-ndrc25.se-formation.fr\/#\/schema\/person\/image\/","url":"https:\/\/secure.gravatar.com\/avatar\/7b7d769002862bc5c18ce7c0f30a4d1bfd31f85f96a75911fbbf96a1bd0e5ebc?s=96&d=mm&r=g","contentUrl":"https:\/\/secure.gravatar.com\/avatar\/7b7d769002862bc5c18ce7c0f30a4d1bfd31f85f96a75911fbbf96a1bd0e5ebc?s=96&d=mm&r=g","caption":"stella"},"sameAs":["https:\/\/stella-ndrc25.se-formation.fr"],"url":"https:\/\/stella-ndrc25.se-formation.fr\/index.php\/author\/stella\/"}]}},"uagb_featured_image_src":{"full":false,"thumbnail":false,"medium":false,"medium_large":false,"large":false,"1536x1536":false,"2048x2048":false,"woocommerce_thumbnail":false,"woocommerce_single":false,"woocommerce_gallery_thumbnail":false},"uagb_author_info":{"display_name":"stella","author_link":"https:\/\/stella-ndrc25.se-formation.fr\/index.php\/author\/stella\/"},"uagb_comment_info":0,"uagb_excerpt":"Venez profiter de la fete des m\u00e8re avec ALTITUDE-GRIMP ! Le dimanche 26 mai 2026 Une journ\u00e9e porte ouverte est [&hellip;]","_links":{"self":[{"href":"https:\/\/stella-ndrc25.se-formation.fr\/index.php\/wp-json\/wp\/v2\/posts\/155","targetHints":{"allow":["GET"]}}],"collection":[{"href":"https:\/\/stella-ndrc25.se-formation.fr\/index.php\/wp-json\/wp\/v2\/posts"}],"about":[{"href":"https:\/\/stella-ndrc25.se-formation.fr\/index.php\/wp-json\/wp\/v2\/types\/post"}],"author":[{"embeddable":true,"href":"https:\/\/stella-ndrc25.se-formation.fr\/index.php\/wp-json\/wp\/v2\/users\/1"}],"replies":[{"embeddable":true,"href":"https:\/\/stella-ndrc25.se-formation.fr\/index.php\/wp-json\/wp\/v2\/comments?post=155"}],"version-history":[{"count":3,"href":"https:\/\/stella-ndrc25.se-formation.fr\/index.php\/wp-json\/wp\/v2\/posts\/155\/revisions"}],"predecessor-version":[{"id":159,"href":"https:\/\/stella-ndrc25.se-formation.fr\/index.php\/wp-json\/wp\/v2\/posts\/155\/revisions\/159"}],"wp:attachment":[{"href":"https:\/\/stella-ndrc25.se-formation.fr\/index.php\/wp-json\/wp\/v2\/media?parent=155"}],"wp:term":[{"taxonomy":"category","embeddable":true,"href":"https:\/\/stella-ndrc25.se-formation.fr\/index.php\/wp-json\/wp\/v2\/categories?post=155"},{"taxonomy":"post_tag","embeddable":true,"href":"https:\/\/stella-ndrc25.se-formation.fr\/index.php\/wp-json\/wp\/v2\/tags?post=155"}],"curies":[{"name":"wp","href":"https:\/\/api.w.org\/{rel}","templated":true}]}}